{"id":2647,"date":"2020-11-19T10:41:20","date_gmt":"2020-11-19T09:41:20","guid":{"rendered":"https:\/\/agripedia.ch\/zusammenarbeit\/?p=2647"},"modified":"2020-12-04T13:28:22","modified_gmt":"2020-12-04T12:28:22","slug":"pachtlandarrondierung-im-rahmen-der-modernen-melioration-boswil-ag","status":"publish","type":"post","link":"https:\/\/agripedia.ch\/zusammenarbeit\/pachtlandarrondierung-im-rahmen-der-modernen-melioration-boswil-ag\/","title":{"rendered":"Pachtlandarrondierung im Rahmen der Modernen Melioration Boswil (AG)"},"content":{"rendered":"<div class=\"fusion-fullwidth fullwidth-box fusion-builder-row-1 fusion-flex-container nonhundred-percent-fullwidth non-hundred-percent-height-scrolling\" style=\"--awb-border-radius-top-left:0px;--awb-border-radius-top-right:0px;--awb-border-radius-bottom-right:0px;--awb-border-radius-bottom-left:0px;--awb-flex-wrap:wrap;\" ><div class=\"fusion-builder-row fusion-row fusion-flex-align-items-flex-start fusion-flex-content-wrap\" style=\"max-width:1144px;margin-left: calc(-4% \/ 2 );margin-right: calc(-4% \/ 2 );\"><div class=\"fusion-layout-column fusion_builder_column fusion-builder-column-0 fusion_builder_column_1_1 1_1 fusion-flex-column\" style=\"--awb-bg-size:cover;--awb-width-large:100%;--awb-margin-top-large:0px;--awb-spacing-right-large:1.92%;--awb-margin-bottom-large:20px;--awb-spacing-left-large:1.92%;--awb-width-medium:100%;--awb-order-medium:0;--awb-spacing-right-medium:1.92%;--awb-spacing-left-medium:1.92%;--awb-width-small:100%;--awb-order-small:0;--awb-spacing-right-small:1.92%;--awb-spacing-left-small:1.92%;\"><div class=\"fusion-column-wrapper fusion-column-has-shadow fusion-flex-justify-content-flex-start fusion-content-layout-column\"><div ><a class=\"fusion-button button-flat fusion-button-default-size button-default fusion-button-default button-1 fusion-button-default-span fusion-button-default-type\" style=\"--button-border-radius-top-left:0;--button-border-radius-top-right:0;--button-border-radius-bottom-right:0;--button-border-radius-bottom-left:0;\" target=\"_blank\" rel=\"noopener noreferrer\" href=\"https:\/\/agripedia.ch\/wp-content\/uploads\/sites\/24\/pdf\/PA_Praxisbeispiele.pdf\"><span class=\"fusion-button-text awb-button__text awb-button__text--default\">Pachtlandarrondierung \u2013 Alle Praxisbeispiele (PDF)<\/span><\/a><\/div><div class=\"fusion-separator fusion-full-width-sep agri-separator\" style=\"align-self: center;margin-left: auto;margin-right: auto;width:100%;\"><\/div><div class=\"accordian fusion-accordian\" style=\"--awb-border-size:1px;--awb-icon-size:13px;--awb-content-font-size:var(--awb-typography4-font-size);--awb-icon-alignment:left;--awb-hover-color:#f9f9f9;--awb-border-color:#cccccc;--awb-background-color:#ffffff;--awb-divider-color:var(--awb-color3);--awb-divider-hover-color:var(--awb-color3);--awb-icon-color:#ffffff;--awb-title-color:var(--awb-color8);--awb-content-color:var(--awb-color8);--awb-icon-box-color:#7a7a7a;--awb-toggle-hover-accent-color:#000000;--awb-title-font-family:var(--awb-typography1-font-family);--awb-title-font-weight:var(--awb-typography1-font-weight);--awb-title-font-style:var(--awb-typography1-font-style);--awb-title-font-size:24px;--awb-title-line-height:1.5;--awb-content-font-family:var(--awb-typography4-font-family);--awb-content-font-weight:var(--awb-typography4-font-weight);--awb-content-font-style:var(--awb-typography4-font-style);\"><div class=\"panel-group fusion-toggle-icon-boxed\" id=\"accordion-2647-1\"><div class=\"fusion-panel panel-default panel-ea87fbce055217df0 fusion-toggle-has-divider\"><div class=\"panel-heading\"><h4 class=\"panel-title toggle\" id=\"toggle_ea87fbce055217df0\"><a class=\"active\" aria-expanded=\"true\" aria-controls=\"ea87fbce055217df0\" role=\"button\" data-toggle=\"collapse\" data-parent=\"#accordion-2647-1\" data-target=\"#ea87fbce055217df0\" href=\"#ea87fbce055217df0\"><span class=\"fusion-toggle-icon-wrapper\" aria-hidden=\"true\"><i class=\"fa-fusion-box active-icon awb-icon-minus\" aria-hidden=\"true\"><\/i><i class=\"fa-fusion-box inactive-icon awb-icon-plus\" aria-hidden=\"true\"><\/i><\/span><span class=\"fusion-toggle-heading\">Ausgangslage<\/span><\/a><\/h4><\/div><div id=\"ea87fbce055217df0\" class=\"panel-collapse collapse in\" aria-labelledby=\"toggle_ea87fbce055217df0\"><div class=\"panel-body toggle-content fusion-clearfix\">\n<p>Die Pachtlandarrondierung (PA) wurde in das Verfahren der Modernen Melioration Boswil integriert. Dadurch konnte der Arrondierungserfolg optimiert werden. Ausschlaggebend war der Umstand, dass ein grosser Teil des Pachtlandes der Gemeinde geh\u00f6rt. Die freiwillige PA basierte auf Vereinbarungen der Beteiligten. Der Entwurf f\u00fcr die Zuweisung der Pachtfl\u00e4chen wurde von der Ausf\u00fchrungskommission und der technischen Leitung erstellt. Er beruht auf der Neuzuteilung der Melioration und wurde eng mit dieser koordiniert<\/p>\n<p><a href=\"https:\/\/agripedia.ch\/wp-content\/uploads\/sites\/24\/pdf\/GM_Praxisbeispiele.pdf\" target=\"_blank\" rel=\"noopener noreferrer\">Gesamtmelioration Praxisbeispiel (PDF)\u00a0<\/a><\/p>\n<\/div><\/div><\/div><div class=\"fusion-panel panel-default panel-bc4ea9661471079af fusion-toggle-has-divider\"><div class=\"panel-heading\"><h4 class=\"panel-title toggle\" id=\"toggle_bc4ea9661471079af\"><a aria-expanded=\"false\" aria-controls=\"bc4ea9661471079af\" role=\"button\" data-toggle=\"collapse\" data-parent=\"#accordion-2647-1\" data-target=\"#bc4ea9661471079af\" href=\"#bc4ea9661471079af\"><span class=\"fusion-toggle-icon-wrapper\" aria-hidden=\"true\"><i class=\"fa-fusion-box active-icon awb-icon-minus\" aria-hidden=\"true\"><\/i><i class=\"fa-fusion-box inactive-icon awb-icon-plus\" aria-hidden=\"true\"><\/i><\/span><span class=\"fusion-toggle-heading\">Ziele der Pachtlandarrondierung<\/span><\/a><\/h4><\/div><div id=\"bc4ea9661471079af\" class=\"panel-collapse collapse \" aria-labelledby=\"toggle_bc4ea9661471079af\"><div class=\"panel-body toggle-content fusion-clearfix\">\n<p>Eines der Hauptziele war die Arrondierung der bestehenden Landwirtschaftsbetriebe mit Zusammenlegung und Bereinigung der Pachtfl\u00e4chen (Pachtlandarrondierung). Daneben wurden auch diverse andere Zielsetzungen angestrebt. Da ein Pachtlandanteil von rund der H\u00e4lfte aller Parzellen vorlag, war es sinnvoll eine PA vorzunehmen. Die Arrondierung war freiwillig und basierte deshalb auf der Mitwirkung der Beteiligten. Nachdem die Neuzuteilung des Eigenlandes feststand, wurde ein Entwurf f\u00fcr die Neuzuteilung der Pachtfl\u00e4chen an die Bewirtschafterinnen und Bewirtschafter erarbeitet. Dabei wurde beachtet, dass die Landwirt\/innen wieder ungef\u00e4hr gleich viel Pachtland bewirtschaften k\u00f6nnen wie im alten Besitzstand. Die neuen Pachtverh\u00e4ltnisse wurden in Pachtvertr\u00e4gen nach ordentlichem Pachtrecht festgehalten. Die Berechnung des Pachtzinses erfolgte auf der Grundlage der Bonitierung. Indem nun Eigen- und Pachtland unter Ber\u00fccksichtigung der Neuzuteilung m\u00f6glichst sinnvoll zusammen bewirtschaftet werden kann, wurde der Nutzen der Landumlegung zus\u00e4tzlich erh\u00f6ht.<\/p>\n<\/div><\/div><\/div><div class=\"fusion-panel panel-default panel-ce3323205c51cbade fusion-toggle-has-divider\"><div class=\"panel-heading\"><h4 class=\"panel-title toggle\" id=\"toggle_ce3323205c51cbade\"><a aria-expanded=\"false\" aria-controls=\"ce3323205c51cbade\" role=\"button\" data-toggle=\"collapse\" data-parent=\"#accordion-2647-1\" data-target=\"#ce3323205c51cbade\" href=\"#ce3323205c51cbade\"><span class=\"fusion-toggle-icon-wrapper\" aria-hidden=\"true\"><i class=\"fa-fusion-box active-icon awb-icon-minus\" aria-hidden=\"true\"><\/i><i class=\"fa-fusion-box inactive-icon awb-icon-plus\" aria-hidden=\"true\"><\/i><\/span><span class=\"fusion-toggle-heading\">Ablauf der Pachtlandarrondierung<\/span><\/a><\/h4><\/div><div id=\"ce3323205c51cbade\" class=\"panel-collapse collapse \" aria-labelledby=\"toggle_ce3323205c51cbade\"><div class=\"panel-body toggle-content fusion-clearfix\">\n<p>In der Vorbereitungsphase wurde einleitend eine Orientierungsversammlung durchgef\u00fchrt. Daraufhin wurde ein Grundeigent\u00fcmer\/innen- und Fl\u00e4chenverzeichnis aufgestellt sowie der Entscheid gef\u00e4llt, dass die Pachtlandarrondierung auf freiwilliger Basis durchgef\u00fchrt werden soll. Alle Beteiligten konnten dar\u00fcber entscheiden, ob sie an der PA teilnehmen wollten. Wenn sie zustimmten, wurden mit diesen P\u00e4chter\/innen \u00a0Vereinbarungen abgeschlossen.<\/p>\n<p>Als Grundlage wurden also die bisherigen Pachtverh\u00e4ltnisse erfasst. In einem ersten Schritt in Richtung des neuen Bestandes wurden W\u00fcnsche der Bewirtschafterinnen und Bewirtschafter entgegengenommen. Unter Ber\u00fccksichtigung der verschiedenen Bed\u00fcrfnisse wurde ein erster Entwurf der Neuzuweisungen \u00a0erstellt. In einem n\u00e4chsten Schritt fanden Besprechungen \u00fcber den Neuzuteilungs- und Pachtlandentwurf statt. Anschliessend konnte die definitive Neuzuteilung berechnet werden und der Entwurf der Pachtlandzuweisung wurde zusammen mit dem Neuzuteilungsentwurf aufgelegt. Das Abstecken der neuen Pachtgrenzen sowie die Ausarbeitung der Pachtvertr\u00e4ge waren die letzten Arbeitsschritte vor dem Neuantritt der Pachtverh\u00e4ltnisse mit der Neuzuteilung.<\/p>\n<\/div><\/div><\/div><div class=\"fusion-panel panel-default panel-da0d04ae216a92490 fusion-toggle-has-divider\"><div class=\"panel-heading\"><h4 class=\"panel-title toggle\" id=\"toggle_da0d04ae216a92490\"><a aria-expanded=\"false\" aria-controls=\"da0d04ae216a92490\" role=\"button\" data-toggle=\"collapse\" data-parent=\"#accordion-2647-1\" data-target=\"#da0d04ae216a92490\" href=\"#da0d04ae216a92490\"><span class=\"fusion-toggle-icon-wrapper\" aria-hidden=\"true\"><i class=\"fa-fusion-box active-icon awb-icon-minus\" aria-hidden=\"true\"><\/i><i class=\"fa-fusion-box inactive-icon awb-icon-plus\" aria-hidden=\"true\"><\/i><\/span><span class=\"fusion-toggle-heading\">Regeln der Pachtlandarrondierung im Fall von Boswil<\/span><\/a><\/h4><\/div><div id=\"da0d04ae216a92490\" class=\"panel-collapse collapse \" aria-labelledby=\"toggle_da0d04ae216a92490\"><div class=\"panel-body toggle-content fusion-clearfix\">\n<p>Die Pachtlandarrondierung wurde nach folgenden Regeln durchgef\u00fchrt:<\/p>\n<ul>\n<li>Die PA erfolgt auf freiwilliger Basis.<\/li>\n<li>Als Basis der Pachtfl\u00e4chen pro Eigent\u00fcmer gilt der Zustand vom 30. M\u00e4rz 2003.<\/li>\n<li>Beim Kauf einer Pachtparzelle wird der Pachtlandanspruch um die gekaufte Fl\u00e4che reduziert.<\/li>\n<li>Die Landwirte sollen nach der Neuzuweisung etwa gleich viel Pachtland bewirtschaften wie im alten Besitzstand.<\/li>\n<li>Landwirt\/innen und P\u00e4chter\/innen erkl\u00e4ren sich bereit, die Zuweisung des Pachtlandes durch die Ausf\u00fchrungskommission in Zusammenarbeit mit der Technischen Leitung zu akzeptieren.<\/li>\n<li>Die neuen Pachtverh\u00e4ltnisse werden in Pachtvertr\u00e4gen nach ordentlichem Pachtrecht festgehalten. Die Berechnung der Pachtzinsen erfolgt auf der Grundlage der Bonitierung.<\/li>\n<\/ul>\n<\/div><\/div><\/div><div class=\"fusion-panel panel-default panel-4a3a3914805b0e0ca fusion-toggle-has-divider\"><div class=\"panel-heading\"><h4 class=\"panel-title toggle\" id=\"toggle_4a3a3914805b0e0ca\"><a aria-expanded=\"false\" aria-controls=\"4a3a3914805b0e0ca\" role=\"button\" data-toggle=\"collapse\" data-parent=\"#accordion-2647-1\" data-target=\"#4a3a3914805b0e0ca\" href=\"#4a3a3914805b0e0ca\"><span class=\"fusion-toggle-icon-wrapper\" aria-hidden=\"true\"><i class=\"fa-fusion-box active-icon awb-icon-minus\" aria-hidden=\"true\"><\/i><i class=\"fa-fusion-box inactive-icon awb-icon-plus\" aria-hidden=\"true\"><\/i><\/span><span class=\"fusion-toggle-heading\">Kosten<\/span><\/a><\/h4><\/div><div id=\"4a3a3914805b0e0ca\" class=\"panel-collapse collapse \" aria-labelledby=\"toggle_4a3a3914805b0e0ca\"><div class=\"panel-body toggle-content fusion-clearfix\">\n<p>Die Kosten f\u00fcr die PA setzen sich aus den Aufw\u00e4nden der verschiedenen Arbeitsschritte zusammen. Die Kosten einer PA sind beitragsberechtigt, weshalb der Bund, der Kanton und die Gemeinde ebenfalls einen Teil der Kosten \u00fcbernehmen. Die restlichen Kosten wurden unter den beteiligten P\u00e4chter\/innen im Verh\u00e4ltnis zu deren Pachtlandfl\u00e4chen aufgeteilt, was schlussendlich f\u00fcr die Bewirtschafter zu Restkosten von rund Fr. 16.- pro Hektar f\u00fchrte.<\/p>\n<table style=\"height: 251px\" width=\"637\">\n<tbody>\n<tr>\n<td width=\"312\">Plangrundlagen<\/td>\n<td width=\"123\">Fr.\u00a0\u00a0\u00a0\u00a0\u00a0\u00a0 5\u2019000.\u2013<\/td>\n<\/tr>\n<tr>\n<td width=\"312\">Erhebung bisherige Pachtverh\u00e4ltnisse<\/td>\n<td width=\"123\">Fr.\u00a0\u00a0\u00a0\u00a0 30\u2018000.\u2013<\/td>\n<\/tr>\n<tr>\n<td width=\"312\">Neuzuteilung Pachtverh\u00e4ltnisse<\/td>\n<td width=\"123\">Fr.\u00a0\u00a0\u00a0\u00a0 30\u2019000.\u2013<\/td>\n<\/tr>\n<tr>\n<td width=\"312\">Pachtvertr\u00e4ge \/ Beitragsberechnungen<\/td>\n<td width=\"123\">Fr.\u00a0\u00a0\u00a0\u00a0 15\u2019000.\u2013<\/td>\n<\/tr>\n<tr>\n<td width=\"312\">Pachtgrenzen abstecken, def. Pl\u00e4ne<\/td>\n<td width=\"123\">Fr.\u00a0\u00a0\u00a0\u00a0\u00a0\u00a0 5\u2019000.\u2013<\/td>\n<\/tr>\n<tr>\n<td width=\"312\">Mehrwertsteuer<\/td>\n<td width=\"123\">Fr.\u00a0\u00a0\u00a0\u00a0\u00a0\u00a0 6\u2019460.\u2013<\/td>\n<\/tr>\n<tr>\n<td width=\"312\">Verschiedenes, Unvorhergesehenes<\/td>\n<td width=\"123\">Fr.\u00a0\u00a0\u00a0\u00a0\u00a0\u00a0 8\u2019540.\u2013<\/td>\n<\/tr>\n<tr>\n<td width=\"312\">\n<h4>Total Pachtlandarrondierung<\/h4>\n<\/td>\n<td width=\"123\">\n<h4>Fr.\u00a0\u00a0 100\u2019000.\u2013<\/h4>\n<\/td>\n<\/tr>\n<\/tbody>\n<\/table>\n<\/div><\/div><\/div><div class=\"fusion-panel panel-default panel-fe4ad8f61368cac3c fusion-toggle-has-divider\"><div class=\"panel-heading\"><h4 class=\"panel-title toggle\" id=\"toggle_fe4ad8f61368cac3c\"><a aria-expanded=\"false\" aria-controls=\"fe4ad8f61368cac3c\" role=\"button\" data-toggle=\"collapse\" data-parent=\"#accordion-2647-1\" data-target=\"#fe4ad8f61368cac3c\" href=\"#fe4ad8f61368cac3c\"><span class=\"fusion-toggle-icon-wrapper\" aria-hidden=\"true\"><i class=\"fa-fusion-box active-icon awb-icon-minus\" aria-hidden=\"true\"><\/i><i class=\"fa-fusion-box inactive-icon awb-icon-plus\" aria-hidden=\"true\"><\/i><\/span><span class=\"fusion-toggle-heading\">Neuzuteilung Pachtland der Einwohner- und Ortsb\u00fcrgergemeinde B\u00fcnzen<\/span><\/a><\/h4><\/div><div id=\"fe4ad8f61368cac3c\" class=\"panel-collapse collapse \" aria-labelledby=\"toggle_fe4ad8f61368cac3c\"><div class=\"panel-body toggle-content fusion-clearfix\">\n<p><strong>Ausgangslage<\/strong><\/p>\n<p>In B\u00fcnzen war die Gemeinde die Initiantin des Verfahrens. Grundlegend f\u00fcr den Entscheid zur Durchf\u00fchrung war das Bed\u00fcrfnis, das Eigentumsland der Einwohner- und Ortsb\u00fcrgergemeinde B\u00fcnzen neu zu verteilen. Die betreffende Fl\u00e4che umfasst 36 Hektaren, die bislang ungleichm\u00e4ssig auf 18 Landwirtinnen und Landwirte verteilt waren und von diesen bewirtschaftet wurden.<\/p>\n<p>Ziel der PA in B\u00fcnzen war es, mit der Neuzuteilung diesem Ungleichgewicht entgegen zu wirken. Die betroffenen Fl\u00e4chen verteilen sich \u00fcber das gesamte Gemeindegebiet, weshalb besonders auf eine passende Zuteilung bez\u00fcglich der Lage des jeweiligen Landwirtschaftsbetriebs R\u00fccksicht genommen wurde.<\/p>\n<p><strong>Kriterien der Neuzuteilung<\/strong><\/p>\n<p>In pers\u00f6nlichen Gespr\u00e4chen mit den Bewirtschafter\/innen wurde unter anderem \u00fcberpr\u00fcft, ob ein Landwirt\/eine Landwirtin f\u00fcr eine Neuzuteilung in Frage kam. Dazu musste er oder sie verschiedenen Anforderungen entsprechen, welche eine Ber\u00fccksichtigung bei der Pachtlandzuteilung zuliessen. Prim\u00e4r wurden nur Landwirt\/innen ber\u00fccksichtigt, die sich zum Zeitpunkt der Neuzuteilung nicht im AHV-Rentenalter befanden. Ausserdem musste ein Betrieb mehr als 0.75 SAK (Standardarbeitskraft) ausweisen und Anspruch auf Direktzahlungen haben. Ein weiteres Kriterium war die Erf\u00fcllung der Mindestbestimmungen des \u00f6kologischen Leistungsnachweises nach Direktzahlungsverordnung des Bundes (DZV). Die Bewirtschafter\/innen mussten zudem ortsans\u00e4ssig und steuerpflichtig sein. Des Weiteren durften sie keine finanziellen Ausst\u00e4nde gegen\u00fcber der Gemeinde haben und kein Eigenland an Dritte verpachten. Aufgrund dieser Kriterien waren schlussendlich nur noch 13 Landwirtinnen und Landwirte \u00fcbrig, welche Anspruch auf eine Neuzuteilung hatten. Unter ihnen wurde das zur Verf\u00fcgung stehende Land gleichm\u00e4ssig aufgeteilt.<\/p>\n<p><strong>Verfahren<\/strong><\/p>\n<p>Nach den Gespr\u00e4chen mit den Bewirtschafter\/innen wurden die alten Besitzst\u00e4nde kontrolliert sowie die Berechtigung bez\u00fcglich der Neuzuteilungskriterien gepr\u00fcft. Zur Ber\u00fccksichtigung der Neuzuteilung wurden die zuk\u00fcnftigen Absichten der Betriebsf\u00fchrung aufgenommen. Spezialisierung auf Tierhaltung hatte zur Folge, dass das gepachtete Land nahe dem Betrieb und in Form von Weide- und Grasland verf\u00fcgbar sein sollte. Bei Ackerbaubetrieben war die Bewirtschaftung entsprechend grosser Parzellen in einer gr\u00f6sseren Entfernung akzeptabel.<\/p>\n<p>Daraus ergab sich f\u00fcr die 13 berechtigten Landwirt\/innen, dass sie jeweils 277 Aren Bewirtschaftungsfl\u00e4che neu als Pachtland zugeteilt erhielten. Bez\u00fcglich der Pachtvertr\u00e4ge wurde auf eine detaillierte Bonitierung der Pachtfl\u00e4chen verzichtet, da dieser Aufwand nicht in einem vern\u00fcnftigen Verh\u00e4ltnis zu den \u00fcbrigen Projektkosten ausgefallen w\u00e4re. So ergaben sich einheitliche Pachtzinse f\u00fcr jede Eigentumszelle der Gemeinde. Als Verfahrensabschluss wurden die neuen Pachtlandgrenzen verpflockt und somit die Abgrenzung zwischen den neuen Parzellen im Gel\u00e4nde gekennzeichnet.<\/p>\n<p><strong>\u00a0<\/strong><\/p>\n<p><strong>\u00a0<\/strong><\/p>\n<\/div><\/div><\/div><\/div><\/div><div class=\"fusion-text fusion-text-1\"><p>Weitere Informationen:<\/p>\n<p><a href=\"https:\/\/agripedia.ch\/zusammenarbeit\/beispiel-der-modernen-melioration-boswil-gesamtmelioration\/\" target=\"_blank\" rel=\"noopener noreferrer\">Praxisbeispiel: Moderne Melioration Boswil-B\u00fcnzen (Link)<\/a><br \/>\n<a href=\"http:\/\/www.boswil.ch\/files\/BXMediaPlusDocument2010file.pdf\" target=\"_blank\" rel=\"noopener noreferrer\">Schlussbericht Moderne Melioration Boswil-B\u00fcnzen (PDF)<\/a><\/p>\n<\/div><div class=\"fusion-separator fusion-full-width-sep agri-separator\" style=\"align-self: center;margin-left: auto;margin-right: auto;width:100%;\"><\/div><\/div><\/div><\/div><\/div>\n","protected":false},"excerpt":{"rendered":"","protected":false},"author":192,"featured_media":290,"comment_status":"closed","ping_status":"closed","sticky":false,"template":"","format":"standard","meta":{"_sb_is_suggestion_mode":false,"_sb_show_suggestion_boards":false,"_sb_show_comment_boards":false,"_sb_suggestion_history":"","_sb_update_block_changes":"","_monsterinsights_skip_tracking":false,"_monsterinsights_sitenote_active":false,"_monsterinsights_sitenote_note":"","_monsterinsights_sitenote_category":0,"footnotes":""},"categories":[26],"tags":[],"class_list":["post-2647","post","type-post","status-publish","format-standard","has-post-thumbnail","hentry","category-praxisbeispiel-pachtlandarrondierung"],"_links":{"self":[{"href":"https:\/\/agripedia.ch\/zusammenarbeit\/wp-json\/wp\/v2\/posts\/2647","targetHints":{"allow":["GET"]}}],"collection":[{"href":"https:\/\/agripedia.ch\/zusammenarbeit\/wp-json\/wp\/v2\/posts"}],"about":[{"href":"https:\/\/agripedia.ch\/zusammenarbeit\/wp-json\/wp\/v2\/types\/post"}],"author":[{"embeddable":true,"href":"https:\/\/agripedia.ch\/zusammenarbeit\/wp-json\/wp\/v2\/users\/192"}],"replies":[{"embeddable":true,"href":"https:\/\/agripedia.ch\/zusammenarbeit\/wp-json\/wp\/v2\/comments?post=2647"}],"version-history":[{"count":7,"href":"https:\/\/agripedia.ch\/zusammenarbeit\/wp-json\/wp\/v2\/posts\/2647\/revisions"}],"predecessor-version":[{"id":2999,"href":"https:\/\/agripedia.ch\/zusammenarbeit\/wp-json\/wp\/v2\/posts\/2647\/revisions\/2999"}],"wp:featuredmedia":[{"embeddable":true,"href":"https:\/\/agripedia.ch\/zusammenarbeit\/wp-json\/wp\/v2\/media\/290"}],"wp:attachment":[{"href":"https:\/\/agripedia.ch\/zusammenarbeit\/wp-json\/wp\/v2\/media?parent=2647"}],"wp:term":[{"taxonomy":"category","embeddable":true,"href":"https:\/\/agripedia.ch\/zusammenarbeit\/wp-json\/wp\/v2\/categories?post=2647"},{"taxonomy":"post_tag","embeddable":true,"href":"https:\/\/agripedia.ch\/zusammenarbeit\/wp-json\/wp\/v2\/tags?post=2647"}],"curies":[{"name":"wp","href":"https:\/\/api.w.org\/{rel}","templated":true}]}}