{"id":2530,"date":"2020-11-11T10:18:33","date_gmt":"2020-11-11T09:18:33","guid":{"rendered":"https:\/\/agripedia.ch\/zusammenarbeit\/?p=2530"},"modified":"2020-12-09T07:30:46","modified_gmt":"2020-12-09T06:30:46","slug":"pachtlandarrondierung-flugplatz-buochs-ow","status":"publish","type":"post","link":"https:\/\/agripedia.ch\/zusammenarbeit\/pachtlandarrondierung-flugplatz-buochs-ow\/","title":{"rendered":"Pachtlandarrondierung Flugplatz Buochs (NW)"},"content":{"rendered":"<div class=\"fusion-fullwidth fullwidth-box fusion-builder-row-1 fusion-flex-container nonhundred-percent-fullwidth non-hundred-percent-height-scrolling\" style=\"--awb-border-radius-top-left:0px;--awb-border-radius-top-right:0px;--awb-border-radius-bottom-right:0px;--awb-border-radius-bottom-left:0px;--awb-flex-wrap:wrap;\" ><div class=\"fusion-builder-row fusion-row fusion-flex-align-items-flex-start fusion-flex-content-wrap\" style=\"max-width:1144px;margin-left: calc(-4% \/ 2 );margin-right: calc(-4% \/ 2 );\"><div class=\"fusion-layout-column fusion_builder_column fusion-builder-column-0 fusion_builder_column_1_1 1_1 fusion-flex-column\" style=\"--awb-bg-size:cover;--awb-width-large:100%;--awb-margin-top-large:0px;--awb-spacing-right-large:1.92%;--awb-margin-bottom-large:20px;--awb-spacing-left-large:1.92%;--awb-width-medium:100%;--awb-order-medium:0;--awb-spacing-right-medium:1.92%;--awb-spacing-left-medium:1.92%;--awb-width-small:100%;--awb-order-small:0;--awb-spacing-right-small:1.92%;--awb-spacing-left-small:1.92%;\"><div class=\"fusion-column-wrapper fusion-column-has-shadow fusion-flex-justify-content-flex-start fusion-content-layout-column\"><div ><a class=\"fusion-button button-flat fusion-button-default-size button-default fusion-button-default button-1 fusion-button-default-span fusion-button-default-type\" style=\"--button-border-radius-top-left:0;--button-border-radius-top-right:0;--button-border-radius-bottom-right:0;--button-border-radius-bottom-left:0;\" target=\"_blank\" rel=\"noopener noreferrer\" href=\"https:\/\/agripedia.ch\/wp-content\/uploads\/sites\/24\/pdf\/PA_Praxisbeispiele.pdf\"><span class=\"fusion-button-text awb-button__text awb-button__text--default\">PA \u2013 Alle Praxisbeispiele (PDF)<\/span><\/a><\/div><div class=\"fusion-separator fusion-full-width-sep agri-separator\" style=\"align-self: center;margin-left: auto;margin-right: auto;width:100%;\"><\/div><div class=\"accordian fusion-accordian\" style=\"--awb-border-size:1px;--awb-icon-size:13px;--awb-content-font-size:var(--awb-typography4-font-size);--awb-icon-alignment:left;--awb-hover-color:#f9f9f9;--awb-border-color:#cccccc;--awb-background-color:#ffffff;--awb-divider-color:var(--awb-color3);--awb-divider-hover-color:var(--awb-color3);--awb-icon-color:#ffffff;--awb-title-color:var(--awb-color8);--awb-content-color:var(--awb-color8);--awb-icon-box-color:#7a7a7a;--awb-toggle-hover-accent-color:#000000;--awb-title-font-family:var(--awb-typography1-font-family);--awb-title-font-weight:var(--awb-typography1-font-weight);--awb-title-font-style:var(--awb-typography1-font-style);--awb-title-font-size:24px;--awb-title-line-height:1.5;--awb-content-font-family:var(--awb-typography4-font-family);--awb-content-font-weight:var(--awb-typography4-font-weight);--awb-content-font-style:var(--awb-typography4-font-style);\"><div class=\"panel-group fusion-toggle-icon-boxed\" id=\"accordion-2530-1\"><div class=\"fusion-panel panel-default panel-9e8e9980db8d84cb6 fusion-toggle-has-divider\"><div class=\"panel-heading\"><h4 class=\"panel-title toggle\" id=\"toggle_9e8e9980db8d84cb6\"><a aria-expanded=\"false\" aria-controls=\"9e8e9980db8d84cb6\" role=\"button\" data-toggle=\"collapse\" data-parent=\"#accordion-2530-1\" data-target=\"#9e8e9980db8d84cb6\" href=\"#9e8e9980db8d84cb6\"><span class=\"fusion-toggle-icon-wrapper\" aria-hidden=\"true\"><i class=\"fa-fusion-box active-icon awb-icon-minus\" aria-hidden=\"true\"><\/i><i class=\"fa-fusion-box inactive-icon awb-icon-plus\" aria-hidden=\"true\"><\/i><\/span><span class=\"fusion-toggle-heading\">Ausgangslage<\/span><\/a><\/h4><\/div><div id=\"9e8e9980db8d84cb6\" class=\"panel-collapse collapse \" aria-labelledby=\"toggle_9e8e9980db8d84cb6\"><div class=\"panel-body toggle-content fusion-clearfix\">\n<p>Die rund 125 ha Land auf dem Flugplatz Buochs und in der n\u00e4heren Umgebung ist vollst\u00e4ndig im Besitz der <a href=\"https:\/\/www.korporation-buochs.ch\/\" target=\"_blank\" rel=\"noopener noreferrer\">Genossenkorporation Buochs<\/a> und wird von 37 P\u00e4chtern bewirtschaftet. Als sich der Bund mit der Luftwaffe vom Flugplatz Buochs endg\u00fcltig zur\u00fcckgezogen hatte, konnten die Korporationen nicht mehr notwendige Pisten und Rollwege zur\u00fcck kaufen. Dadurch konnten befestigte Fl\u00e4chen rekultiviert und ebenfalls landwirtschaftlich genutzt werden. Da jedoch immer noch viele Landwirte direkt an die Hauptpiste landwirtschaftliche Arbeiten ausf\u00fchren mussten, entschied man sich, eine Pachtlandarrondierung durchzuf\u00fchren. Ge-w\u00fcnscht wurde dies auch vom Flugplatz selber, damit die Sicherheit f\u00fcr Piloten aber auch der Landwirte erh\u00f6ht wer-den konnte. Nat\u00fcrlich brachte dies auch viele Vorteile f\u00fcr die Landwirtschaft.<\/p>\n<p><span style=\"color: #ff2e2e\"><a style=\"color: #ff2e2e\" href=\"http:\/\/www.ackermann-wernli.ch\/domains\/ackermann-wernli_ch\/data\/free_docs\/Projektreferenz%20PA%20Buochs%20nach%20Abschluss.pdf\" target=\"_blank\" rel=\"noopener noreferrer\">Quelle<\/a><\/span><\/p>\n<p><strong><em>Interview mit Josef Bucher und Alois Barmettler:<\/em><\/strong><\/p>\n<a class=\"fusion-modal-text-link\" data-toggle=\"modal\" data-target=\".fusion-modal.warum\" href=\"#\"><i class=\"fb-icon-element-1 fb-icon-element fontawesome-icon fa-video fas circle-yes fusion-text-flow\" style=\"--awb-iconcolor:#ff1919;--awb-circlecolor:#ffffff;--awb-circlecolor-hover:#ffffff;--awb-circlebordercolor:#ffffff;--awb-circlebordercolor-hover:#ffffff;--awb-circlebordersize:1px;--awb-font-size:17.6px;--awb-width:35.2px;--awb-height:35.2px;--awb-line-height:33.2px;--awb-margin-right:10px;\"><\/i> <strong>Warum hat man hier eine Pachtlandarrondierung durchgef\u00fchrt?<\/strong><\/a><div class=\"fusion-separator fusion-full-width-sep\" style=\"align-self: center;margin-left: auto;margin-right: auto;width:100%;\"><\/div><a class=\"fusion-modal-text-link\" data-toggle=\"modal\" data-target=\".fusion-modal.anzahl\" href=\"#\"><i class=\"fb-icon-element-2 fb-icon-element fontawesome-icon fa-video fas circle-yes fusion-text-flow\" style=\"--awb-iconcolor:#ff1919;--awb-circlecolor:#ffffff;--awb-circlecolor-hover:#ffffff;--awb-circlebordercolor:#ffffff;--awb-circlebordercolor-hover:#ffffff;--awb-circlebordersize:1px;--awb-font-size:17.6px;--awb-width:35.2px;--awb-height:35.2px;--awb-line-height:33.2px;--awb-margin-right:10px;\"><\/i> <strong>Wie viele Betriebe waren in das Verfahren involviert?<\/strong><\/a>\n<\/div><\/div><\/div><div class=\"fusion-panel panel-default panel-0d6e27e77cf73e098 fusion-toggle-has-divider\"><div class=\"panel-heading\"><h4 class=\"panel-title toggle\" id=\"toggle_0d6e27e77cf73e098\"><a aria-expanded=\"false\" aria-controls=\"0d6e27e77cf73e098\" role=\"button\" data-toggle=\"collapse\" data-parent=\"#accordion-2530-1\" data-target=\"#0d6e27e77cf73e098\" href=\"#0d6e27e77cf73e098\"><span class=\"fusion-toggle-icon-wrapper\" aria-hidden=\"true\"><i class=\"fa-fusion-box active-icon awb-icon-minus\" aria-hidden=\"true\"><\/i><i class=\"fa-fusion-box inactive-icon awb-icon-plus\" aria-hidden=\"true\"><\/i><\/span><span class=\"fusion-toggle-heading\">Durchf\u00fchrung<\/span><\/a><\/h4><\/div><div id=\"0d6e27e77cf73e098\" class=\"panel-collapse collapse \" aria-labelledby=\"toggle_0d6e27e77cf73e098\"><div class=\"panel-body toggle-content fusion-clearfix\">\n<p>Mit der Durchf\u00fchrung der Pachtlandarrondierung wurde die <a href=\"http:\/\/www.ackermann-wernli.ch\/de\/home\" target=\"_blank\" rel=\"noopener noreferrer\">Ackermann+Wernli AG<\/a> beauftragt. Die Bewirtschafter der insgesamt 144 Parzellen wurden informiert, konnten ihre Vorschl\u00e4ge einbringen und die Fl\u00e4chen konnten entsprechend der betrieblichen Bed\u00fcrfnisse zugeordnet werden. Da die Genossenkorporation Buochs alleiniger Eigent\u00fcmer der Fl\u00e4-chen war, musste man keine Absprachen mit anderen Grundeigent\u00fcmern f\u00fchren, man bem\u00fchte sich jedoch trotzdem, eine f\u00fcr alle passende L\u00f6sung zu finden. M\u00f6glichkeit f\u00fcr Diskussionen oder das Kl\u00e4ren von Fragen gab es auch an der j\u00e4hrlichen P\u00e4chterversammlung, an der alle Beteiligten auch fr\u00fchzeitig informiert wurden. Wichtig war f\u00fcr den Flug-platz vor allem auch P\u00e4chter zu finden, die entlang der Hauptpiste bewirtschaften m\u00f6chten und die entsprechende Verantwortung \u00fcbernehmen wollten.<\/p>\n<p>Die Kosten des Verfahrens beliefen sich auf ca. 100 000.00 Franken.<\/p>\n<p><span style=\"color: #ff4040\"><a style=\"color: #ff4040\" href=\"http:\/\/www.ackermann-wernli.ch\/domains\/ackermann-wernli_ch\/data\/free_docs\/Projektreferenz%20PA%20Buochs%20nach%20Abschluss.pdf\" target=\"_blank\" rel=\"noopener noreferrer\">Quelle<\/a><\/span><\/p>\n<p><strong><em>Interview mit Josef Bucher und Alois Barmettler:<\/em><\/strong><\/p>\n<a class=\"fusion-modal-text-link\" data-toggle=\"modal\" data-target=\".fusion-modal.kosten\" href=\"#\"><i class=\"fb-icon-element-3 fb-icon-element fontawesome-icon fa-video fas circle-yes fusion-text-flow\" style=\"--awb-iconcolor:#ff1919;--awb-circlecolor:#ffffff;--awb-circlecolor-hover:#ffffff;--awb-circlebordercolor:#ffffff;--awb-circlebordercolor-hover:#ffffff;--awb-circlebordersize:1px;--awb-font-size:17.6px;--awb-width:35.2px;--awb-height:35.2px;--awb-line-height:33.2px;--awb-margin-right:10px;\"><\/i> <strong>Wie waren die Kosten des Verfahrens aufgeteilt?<\/strong><\/a>\n<\/div><\/div><\/div><div class=\"fusion-panel panel-default panel-7d6a9165af49d568b fusion-toggle-has-divider\"><div class=\"panel-heading\"><h4 class=\"panel-title toggle\" id=\"toggle_7d6a9165af49d568b\"><a aria-expanded=\"false\" aria-controls=\"7d6a9165af49d568b\" role=\"button\" data-toggle=\"collapse\" data-parent=\"#accordion-2530-1\" data-target=\"#7d6a9165af49d568b\" href=\"#7d6a9165af49d568b\"><span class=\"fusion-toggle-icon-wrapper\" aria-hidden=\"true\"><i class=\"fa-fusion-box active-icon awb-icon-minus\" aria-hidden=\"true\"><\/i><i class=\"fa-fusion-box inactive-icon awb-icon-plus\" aria-hidden=\"true\"><\/i><\/span><span class=\"fusion-toggle-heading\">Ergebnisse<\/span><\/a><\/h4><\/div><div id=\"7d6a9165af49d568b\" class=\"panel-collapse collapse \" aria-labelledby=\"toggle_7d6a9165af49d568b\"><div class=\"panel-body toggle-content fusion-clearfix\">\n<p>Die vorher 144 Parzellen mit einer durchschnittlichen Fl\u00e4che von 0.87 ha wurden um ca. 60 % reduziert, auf neu 57 Parzellen mit einer Durchschnittsgr\u00f6sse von 2.10 ha. Dies f\u00fchrte zu einer effizienteren Bewirtschaftung, weniger Ver-kehr auf dem Flugplatz, und somit auch zu mehr Sicherheit f\u00fcr alle Beteiligten. Diejenigen Bewirtschafter, die nach der Neuzuteilung an der Hauptpiste entlang bewirtschaften, sind \u00fcber Funk mit dem Tower des Flugplatzes verbunden und erhalten entsprechend Meldung, falls Lande- oder Abflugbetrieb ein Freigeben der Pisten erfordern.<\/p>\n<p>Ausstehend sind nach der Neuzuteilung noch die baulichen Massnahmen der Bewirtschaftungswege, welche in den-n\u00e4chsten Jahren saniert werden m\u00fcssen<\/p>\n<div class=\"fusion-image-element \" style=\"--awb-caption-title-font-family:var(--h2_typography-font-family);--awb-caption-title-font-weight:var(--h2_typography-font-weight);--awb-caption-title-font-style:var(--h2_typography-font-style);--awb-caption-title-size:var(--h2_typography-font-size);--awb-caption-title-transform:var(--h2_typography-text-transform);--awb-caption-title-line-height:var(--h2_typography-line-height);--awb-caption-title-letter-spacing:var(--h2_typography-letter-spacing);\"><span class=\" fusion-imageframe imageframe-none imageframe-1 hover-type-none\"><img decoding=\"async\" width=\"512\" height=\"194\" title=\"unnamed\" src=\"https:\/\/agripedia.ch\/zusammenarbeit\/wp-content\/uploads\/sites\/24\/2020\/11\/unnamed.png\" alt class=\"img-responsive wp-image-2534\" srcset=\"https:\/\/agripedia.ch\/zusammenarbeit\/wp-content\/uploads\/sites\/24\/2020\/11\/unnamed-200x76.png 200w, https:\/\/agripedia.ch\/zusammenarbeit\/wp-content\/uploads\/sites\/24\/2020\/11\/unnamed-400x152.png 400w, https:\/\/agripedia.ch\/zusammenarbeit\/wp-content\/uploads\/sites\/24\/2020\/11\/unnamed.png 512w\" sizes=\"(max-width: 1024px) 100vw, (max-width: 640px) 100vw, 512px\" \/><\/span><\/div>\n<p><span style=\"color: #ff2e2e\"><a style=\"color: #ff2e2e\" href=\"http:\/\/www.ackermann-wernli.ch\/domains\/ackermann-wernli_ch\/data\/free_docs\/Projektreferenz%20PA%20Buochs%20nach%20Abschluss.pdf\" target=\"_blank\" rel=\"noopener noreferrer\">Quelle<\/a><\/span><\/p>\n<p><strong><em>Interview mit Josef Bucher und Alois Barmettler:<\/em><\/strong><\/p>\n<a class=\"fusion-modal-text-link\" data-toggle=\"modal\" data-target=\".fusion-modal.konflikte\" href=\"#\"><i class=\"fb-icon-element-4 fb-icon-element fontawesome-icon fa-video fas circle-yes fusion-text-flow\" style=\"--awb-iconcolor:#ff1919;--awb-circlecolor:#ffffff;--awb-circlecolor-hover:#ffffff;--awb-circlebordercolor:#ffffff;--awb-circlebordercolor-hover:#ffffff;--awb-circlebordersize:1px;--awb-font-size:17.6px;--awb-width:35.2px;--awb-height:35.2px;--awb-line-height:33.2px;--awb-margin-right:10px;\"><\/i> <strong>Wie waren Gespr\u00e4chs- und Konfliktkultur?<\/strong><\/a>\n<p><strong><a href=\"https:\/\/agripedia.ch\/zusammenarbeit\/wp-content\/uploads\/sites\/24\/2020\/12\/PA-Buochs-Schlussbericht-28.11.2018.pdf\" target=\"_blank\" rel=\"noopener noreferrer\">Schlussbericht Pachtlandarrondierung Flugplatz Buochs (PDF)<\/a><\/strong><\/p>\n<\/div><\/div><\/div><\/div><\/div><div class=\"fusion-separator fusion-full-width-sep agri-separator\" style=\"align-self: center;margin-left: auto;margin-right: auto;width:100%;\"><\/div><div class=\"fusion-text fusion-text-1\"><p>Quelle Beitragsbild: <a href=\"http:\/\/www.ackermann-wernli.ch\/de\/home\" target=\"_blank\" rel=\"noopener noreferrer\">www.ackermann-wernli.ch<\/a><\/p>\n<\/div><\/div><\/div><div class=\"fusion-layout-column fusion_builder_column fusion-builder-column-1 fusion_builder_column_1_6 1_6 fusion-flex-column\" style=\"--awb-bg-size:cover;--awb-width-large:16.666666666667%;--awb-margin-top-large:0px;--awb-spacing-right-large:11.52%;--awb-margin-bottom-large:20px;--awb-spacing-left-large:11.52%;--awb-width-medium:100%;--awb-order-medium:0;--awb-spacing-right-medium:1.92%;--awb-spacing-left-medium:1.92%;--awb-width-small:100%;--awb-order-small:0;--awb-spacing-right-small:1.92%;--awb-spacing-left-small:1.92%;\"><div class=\"fusion-column-wrapper fusion-column-has-shadow fusion-flex-justify-content-flex-start fusion-content-layout-column\"><div class=\"fusion-modal modal fade modal-1 warum\" tabindex=\"-1\" role=\"dialog\" aria-labelledby=\"modal-heading-1\" aria-hidden=\"true\" style=\"--awb-border-color:#ebebeb;--awb-background:#f6f6f6;\"><div class=\"modal-dialog modal-lg\" role=\"document\"><div class=\"modal-content fusion-modal-content\"><div class=\"modal-header\"><button class=\"close\" type=\"button\" data-dismiss=\"modal\" aria-hidden=\"true\" aria-label=\"Close\">&times;<\/button><h3 class=\"modal-title\" id=\"modal-heading-1\" data-dismiss=\"modal\" aria-hidden=\"true\">Warum hat man hier eine Pachtlandarrondierung durchgef\u00fchrt?<\/h3><\/div><div class=\"modal-body fusion-clearfix\">\n<div class=\"fusion-video fusion-youtube\" style=\"--awb-max-width:854px;--awb-max-height:480px;\"><div class=\"video-shortcode\"><div class=\"fluid-width-video-wrapper\" style=\"padding-top:56.21%;\" ><iframe title=\"YouTube video player 1\" src=\"https:\/\/www.youtube.com\/embed\/vxSGA8q-uG4?wmode=transparent&autoplay=0&rel=0\" width=\"854\" height=\"480\" allowfullscreen allow=\"autoplay; clipboard-write; encrypted-media; gyroscope; picture-in-picture;\"><\/iframe><\/div><\/div><\/div>\n<\/div><div class=\"modal-footer\"><button class=\"fusion-button button-default button-medium button default medium\" type=\"button\" data-dismiss=\"modal\">Close<\/button><\/div><\/div><\/div><\/div><\/div><\/div><div class=\"fusion-layout-column fusion_builder_column fusion-builder-column-2 fusion_builder_column_1_6 1_6 fusion-flex-column\" style=\"--awb-bg-size:cover;--awb-width-large:16.666666666667%;--awb-margin-top-large:0px;--awb-spacing-right-large:11.52%;--awb-margin-bottom-large:20px;--awb-spacing-left-large:11.52%;--awb-width-medium:100%;--awb-order-medium:0;--awb-spacing-right-medium:1.92%;--awb-spacing-left-medium:1.92%;--awb-width-small:100%;--awb-order-small:0;--awb-spacing-right-small:1.92%;--awb-spacing-left-small:1.92%;\"><div class=\"fusion-column-wrapper fusion-column-has-shadow fusion-flex-justify-content-flex-start fusion-content-layout-column\"><div class=\"fusion-modal modal fade modal-2 anzahl\" tabindex=\"-1\" role=\"dialog\" aria-labelledby=\"modal-heading-2\" aria-hidden=\"true\" style=\"--awb-border-color:#ebebeb;--awb-background:#f6f6f6;\"><div class=\"modal-dialog modal-lg\" role=\"document\"><div class=\"modal-content fusion-modal-content\"><div class=\"modal-header\"><button class=\"close\" type=\"button\" data-dismiss=\"modal\" aria-hidden=\"true\" aria-label=\"Close\">&times;<\/button><h3 class=\"modal-title\" id=\"modal-heading-2\" data-dismiss=\"modal\" aria-hidden=\"true\">Wie viele Bauern waren in das Verfahren involviert?<\/h3><\/div><div class=\"modal-body fusion-clearfix\">\n<div class=\"fusion-video fusion-youtube\" style=\"--awb-max-width:854px;--awb-max-height:480px;\"><div class=\"video-shortcode\"><div class=\"fluid-width-video-wrapper\" style=\"padding-top:56.21%;\" ><iframe title=\"YouTube video player 2\" src=\"https:\/\/www.youtube.com\/embed\/V3TlWBPoClo?wmode=transparent&autoplay=0&rel=0\" width=\"854\" height=\"480\" allowfullscreen allow=\"autoplay; clipboard-write; encrypted-media; gyroscope; picture-in-picture;\"><\/iframe><\/div><\/div><\/div>\n<\/div><div class=\"modal-footer\"><button class=\"fusion-button button-default button-medium button default medium\" type=\"button\" data-dismiss=\"modal\">Close<\/button><\/div><\/div><\/div><\/div><\/div><\/div><div class=\"fusion-layout-column fusion_builder_column fusion-builder-column-3 fusion_builder_column_1_6 1_6 fusion-flex-column\" style=\"--awb-bg-size:cover;--awb-width-large:16.666666666667%;--awb-margin-top-large:0px;--awb-spacing-right-large:11.52%;--awb-margin-bottom-large:20px;--awb-spacing-left-large:11.52%;--awb-width-medium:100%;--awb-spacing-right-medium:1.92%;--awb-spacing-left-medium:1.92%;--awb-width-small:100%;--awb-spacing-right-small:1.92%;--awb-spacing-left-small:1.92%;\"><div class=\"fusion-column-wrapper fusion-column-has-shadow fusion-flex-justify-content-flex-start fusion-content-layout-column\"><div class=\"fusion-modal modal fade modal-3 kosten\" tabindex=\"-1\" role=\"dialog\" aria-labelledby=\"modal-heading-3\" aria-hidden=\"true\" style=\"--awb-border-color:#ebebeb;--awb-background:#f6f6f6;\"><div class=\"modal-dialog modal-lg\" role=\"document\"><div class=\"modal-content fusion-modal-content\"><div class=\"modal-header\"><button class=\"close\" type=\"button\" data-dismiss=\"modal\" aria-hidden=\"true\" aria-label=\"Close\">&times;<\/button><h3 class=\"modal-title\" id=\"modal-heading-3\" data-dismiss=\"modal\" aria-hidden=\"true\">Wie waren die Kosten des Verfahrens aufgeteilt?<\/h3><\/div><div class=\"modal-body fusion-clearfix\">\n<div class=\"fusion-video fusion-youtube\" style=\"--awb-max-width:854px;--awb-max-height:480px;\"><div class=\"video-shortcode\"><div class=\"fluid-width-video-wrapper\" style=\"padding-top:56.21%;\" ><iframe title=\"YouTube video player 3\" src=\"https:\/\/www.youtube.com\/embed\/Qtx6QabI5zM?wmode=transparent&autoplay=0&rel=0\" width=\"854\" height=\"480\" allowfullscreen allow=\"autoplay; clipboard-write; encrypted-media; gyroscope; picture-in-picture;\"><\/iframe><\/div><\/div><\/div>\n<\/div><div class=\"modal-footer\"><button class=\"fusion-button button-default button-medium button default medium\" type=\"button\" data-dismiss=\"modal\">Close<\/button><\/div><\/div><\/div><\/div><\/div><\/div><div class=\"fusion-layout-column fusion_builder_column fusion-builder-column-4 fusion_builder_column_1_6 1_6 fusion-flex-column\" style=\"--awb-bg-size:cover;--awb-width-large:16.666666666667%;--awb-margin-top-large:0px;--awb-spacing-right-large:11.52%;--awb-margin-bottom-large:20px;--awb-spacing-left-large:11.52%;--awb-width-medium:100%;--awb-order-medium:0;--awb-spacing-right-medium:1.92%;--awb-spacing-left-medium:1.92%;--awb-width-small:100%;--awb-order-small:0;--awb-spacing-right-small:1.92%;--awb-spacing-left-small:1.92%;\"><div class=\"fusion-column-wrapper fusion-column-has-shadow fusion-flex-justify-content-flex-start fusion-content-layout-column\"><div class=\"fusion-modal modal fade modal-4 konflikte\" tabindex=\"-1\" role=\"dialog\" aria-labelledby=\"modal-heading-4\" aria-hidden=\"true\" style=\"--awb-border-color:#ebebeb;--awb-background:#f6f6f6;\"><div class=\"modal-dialog modal-lg\" role=\"document\"><div class=\"modal-content fusion-modal-content\"><div class=\"modal-header\"><button class=\"close\" type=\"button\" data-dismiss=\"modal\" aria-hidden=\"true\" aria-label=\"Close\">&times;<\/button><h3 class=\"modal-title\" id=\"modal-heading-4\" data-dismiss=\"modal\" aria-hidden=\"true\">Wie waren Gespr\u00e4chs- und Konfliktkultur?<\/h3><\/div><div class=\"modal-body fusion-clearfix\">\n<div class=\"fusion-video fusion-youtube\" style=\"--awb-max-width:854px;--awb-max-height:480px;\"><div class=\"video-shortcode\"><div class=\"fluid-width-video-wrapper\" style=\"padding-top:56.21%;\" ><iframe title=\"YouTube video player 4\" src=\"https:\/\/www.youtube.com\/embed\/OiTWnEoPP6Q?wmode=transparent&autoplay=0&rel=0\" width=\"854\" height=\"480\" allowfullscreen allow=\"autoplay; clipboard-write; encrypted-media; gyroscope; picture-in-picture;\"><\/iframe><\/div><\/div><\/div>\n<\/div><div class=\"modal-footer\"><button class=\"fusion-button button-default button-medium button default medium\" type=\"button\" data-dismiss=\"modal\">Close<\/button><\/div><\/div><\/div><\/div><\/div><\/div><\/div><\/div>\n","protected":false},"excerpt":{"rendered":"","protected":false},"author":192,"featured_media":2536,"comment_status":"closed","ping_status":"closed","sticky":false,"template":"","format":"standard","meta":{"_sb_is_suggestion_mode":false,"_sb_show_suggestion_boards":false,"_sb_show_comment_boards":false,"_sb_suggestion_history":"","_sb_update_block_changes":"","_monsterinsights_skip_tracking":false,"_monsterinsights_sitenote_active":false,"_monsterinsights_sitenote_note":"","_monsterinsights_sitenote_category":0,"footnotes":""},"categories":[26],"tags":[],"class_list":["post-2530","post","type-post","status-publish","format-standard","has-post-thumbnail","hentry","category-praxisbeispiel-pachtlandarrondierung"],"_links":{"self":[{"href":"https:\/\/agripedia.ch\/zusammenarbeit\/wp-json\/wp\/v2\/posts\/2530","targetHints":{"allow":["GET"]}}],"collection":[{"href":"https:\/\/agripedia.ch\/zusammenarbeit\/wp-json\/wp\/v2\/posts"}],"about":[{"href":"https:\/\/agripedia.ch\/zusammenarbeit\/wp-json\/wp\/v2\/types\/post"}],"author":[{"embeddable":true,"href":"https:\/\/agripedia.ch\/zusammenarbeit\/wp-json\/wp\/v2\/users\/192"}],"replies":[{"embeddable":true,"href":"https:\/\/agripedia.ch\/zusammenarbeit\/wp-json\/wp\/v2\/comments?post=2530"}],"version-history":[{"count":11,"href":"https:\/\/agripedia.ch\/zusammenarbeit\/wp-json\/wp\/v2\/posts\/2530\/revisions"}],"predecessor-version":[{"id":3123,"href":"https:\/\/agripedia.ch\/zusammenarbeit\/wp-json\/wp\/v2\/posts\/2530\/revisions\/3123"}],"wp:featuredmedia":[{"embeddable":true,"href":"https:\/\/agripedia.ch\/zusammenarbeit\/wp-json\/wp\/v2\/media\/2536"}],"wp:attachment":[{"href":"https:\/\/agripedia.ch\/zusammenarbeit\/wp-json\/wp\/v2\/media?parent=2530"}],"wp:term":[{"taxonomy":"category","embeddable":true,"href":"https:\/\/agripedia.ch\/zusammenarbeit\/wp-json\/wp\/v2\/categories?post=2530"},{"taxonomy":"post_tag","embeddable":true,"href":"https:\/\/agripedia.ch\/zusammenarbeit\/wp-json\/wp\/v2\/tags?post=2530"}],"curies":[{"name":"wp","href":"https:\/\/api.w.org\/{rel}","templated":true}]}}